{"id":13472,"date":"2025-03-08T14:20:16","date_gmt":"2025-03-08T13:20:16","guid":{"rendered":"https:\/\/bollettinodarte.cultura.gov.it\/?p=13472"},"modified":"2025-04-03T11:06:44","modified_gmt":"2025-04-03T09:06:44","slug":"fascicolo-59-60-luglio-dicembre-2023","status":"publish","type":"post","link":"https:\/\/bollettinodarte.cultura.gov.it\/?p=13472","title":{"rendered":"Fascicolo 59-60 (luglio-dicembre 2023)"},"content":{"rendered":"<p><em>In ricordo di Marco Ciatti<\/em>, di Giorgio Bonsanti, Bruno Santi\u00a0 \u00a0<strong>1<\/strong><\/p>\n<p><a href=\"https:\/\/bollettinodarte.cultura.gov.it\/?page_id=13471\">Maurizio No\u00e8<\/a>, <em>Tuscania: vicende storiche e trasformazioni urbanistico\u2013architettoniche<\/em><br \/>\n<em>della chiesa e del convento di Sant\u2019Agostino\u00a0 \u00a0<\/em><strong>5<\/strong><\/p>\n<p><a href=\"https:\/\/bollettinodarte.cultura.gov.it\/?page_id=13475\">Beatrice Rosa<\/a>, <em>Indagini sull\u2019attivit\u00e0 mantovana di Michele da Firenze e il suo lascito\u00a0 \u00a0<\/em><strong>31<\/strong><\/p>\n<p><a href=\"https:\/\/bollettinodarte.cultura.gov.it\/?page_id=13550\">Jacob Willer<\/a>, <em>A Reassessment of Orazio Gentileschi\u2019s Disregarded Frescoes at Farfa Abbey\u00a0 \u00a0<\/em><strong>51<\/strong><\/p>\n<p><em>L\u2019\u2018AURORA\u2019 DI GUIDO RENI NEL CASINO PALLAVICINI ROSPIGLIOSI<\/em><br \/>\n<a href=\"https:\/\/bollettinodarte.cultura.gov.it\/?page_id=13481\">Ilaria Sgarbozza<\/a>, <em>Note sulla fruizione e il successo del dipinto tra Settecento e Novecento\u00a0 \u00a0<\/em><strong>69<\/strong><br \/>\n<a href=\"https:\/\/bollettinodarte.cultura.gov.it\/?page_id=13539\">Claudio Seccaroni<\/a>,<em> Il favore incontrato dall\u2019opera in ambito fotografico nella seconda met\u00e0 dell\u2019Ottocento \u00a0\u00a0<\/em><strong>79<\/strong><br \/>\n<a href=\"https:\/\/bollettinodarte.cultura.gov.it\/?page_id=13543\">Laura Cibrario, Fabiola Jatta,<\/a> <em>Una nuova lettura dell\u2019affresco dopo il recente intervento di restauro\u00a0 \u00a0<\/em><strong>87<\/strong><\/p>\n<p><a href=\"https:\/\/bollettinodarte.cultura.gov.it\/?page_id=13553\">Paolo Russo<\/a>, <em>Una acquisizione per la scultura lignea del Settecento in Sicilia:<\/em><br \/>\n<em>la statua del \u2018Cristo risorto\u2019 di Antonino Lo Verde a Pietraperzia\u00a0 \u00a0<\/em><strong>125<\/strong><\/p>\n<p><a href=\"https:\/\/bollettinodarte.cultura.gov.it\/?page_id=13556\">Michela Zurla<\/a>, <em>\u00abFar correre il grido di Genova nell\u2019Esposizione\u00bb: Santo Varni e la riscoperta<\/em><br \/>\n<em>della scultura genovese del Rinascimento nel Crystal Palace di Londra\u00a0 \u00a0<\/em><strong>139<\/strong><\/p>\n<p><a href=\"https:\/\/bollettinodarte.cultura.gov.it\/?page_id=13559\">Fulvio Lanzarone<\/a>, <em>Lo Stadio di Palermo dal 1931 a oggi: un recupero tra conservazione \u00a0\u00a0<\/em><br \/>\n<em>e innovazione\u00a0 \u00a0<\/em><strong>153<\/strong><\/p>\n<p>La memoria istituzionale<br \/>\n<a href=\"https:\/\/bollettinodarte.cultura.gov.it\/?page_id=13562\">Joanna Smalcerz<\/a>,<em> The Political Clout of Italian Associations of Art Dealers and<\/em><br \/>\n<em>the Liberalisation of the 1903 Amendment of the Nasi Law\u00a0 \u00a0<\/em><strong>179<\/strong><\/p>\n<p>Tutela e valorizzazione<br \/>\n<a href=\"https:\/\/bollettinodarte.cultura.gov.it\/?page_id=13496\">Enrico Edoardo Barbero, Federico Doneux, Franco Gualano, Lorenza Santa<\/a><br \/>\n<em>I lavori e la riapertura dell\u2019Appartamento dei Principi Forestieri nel Palazzo Reale di Torino \u00a0\u00a0<\/em><strong>195<\/strong><\/p>\n<p>Libri e mostre<br \/>\nZaccaria Mari, Luca Creti, recensione a <em>Lectures on Trajan&#8217;s Column and its Architect Apollodorus<\/em><em>\u00a0Damascus, <\/em>edited by C. Conti Roma\u2013Bristol (CT) 2022\u00a0 \u00a0<strong>221<\/strong><br \/>\nEnrico Parlato, recensione a<em> Tra patria particolare e patria comune. L\u2019architettura e le arti<\/em><br \/>\n<em>a Bologna 1534\u20131584<\/em>, a cura di M. Ricci, Roma 2021\u00a0 \u00a0<strong>239<\/strong><br \/>\nMaria Celeste Cola, recensione ad A. Pampalone, <em>Collezionismo e libero mercato<\/em><br \/>\n<em>nella Roma del Seicento. La quadreria del mercante di sete Marcantonio<\/em><br \/>\n<em>De Marchis<\/em>, Roma 2023\u00a0 \u00a0<strong>244<\/strong><br \/>\nCaterina Bon Valsassina, recensione a<br \/>\nC. Galassi, <em>L\u2019occhio del conoscitore. Le ricognizioni di Cavalcaselle e le opere<\/em><br \/>\n<em>della Galleria Nazionale dell\u2019Umbria nel Taccuino XI della Biblioteca Marciana<\/em>, Perugia 2023<br \/>\nG. Mazzaferro, <em>Il giovane Cavalcaselle. \u00abIl pi\u00f9 curioso, il pi\u00f9 intrepido, il pi\u00f9 appassionato<\/em><br \/>\n<em>di tutti gli affamati di pittura\u00bb<\/em>, Firenze 2023\u00a0 \u00a0<strong>246<\/strong><br \/>\nValeria Lupo, recensione a <em>Ereditare il presente. Conoscenza, tutela e valorizzazione<\/em><br \/>\n<em>dell\u2019architettura italiana dal 1945 ad oggi<\/em>, a cura di S. De Notarpietro,<br \/>\nA. Ferrighi, E. Garofalo, L.A. Scuderi, Arezzo 2024\u00a0 \u00a0<strong>257<\/strong><\/p>\n<p>Abstracts\u00a0 \u00a0<strong>287<\/strong><br \/>\nContatti degli Autori\u00a0 \u00a0<strong>291<\/strong><\/p>\n<p>In copertina<br \/>\nRoma, Moschea e centro culturale islamico, particolare del portico<br \/>\nProgetto di Paolo Portoghesi, Vittorio Gigliotti, Sami Mousawi e collaboratori,<br \/>\ncon Aldo Spirito, Guido Guy, Emanuele Filiberto Radogna per le strutture<br \/>\n(foto di Flavia Rossi, 2019)<\/p>\n","protected":false},"excerpt":{"rendered":"<p>In ricordo di Marco Ciatti, di Giorgio Bonsanti, Bruno Santi\u00a0 \u00a01 Maurizio No\u00e8, Tuscania: vicende storiche e trasformazioni urbanistico\u2013architettoniche della chiesa e del convento di Sant\u2019Agostino\u00a0 \u00a05 Beatrice Rosa, Indagini sull\u2019attivit\u00e0 mantovana di Michele da Firenze e il suo lascito\u00a0 \u00a031 Jacob Willer, A Reassessment of Orazio Gentileschi\u2019s Disregarded Frescoes at Farfa Abbey\u00a0 \u00a051 L\u2019\u2018AURORA\u2019 DI GUIDO RENI NEL CASINO PALLAVICINI ROSPIGLIOSI Ilaria Sgarbozza, Note sulla fruizione e il successo del dipinto tra Settecento e Novecento\u00a0 \u00a069 Claudio Seccaroni, Il favore incontrato dall\u2019opera in ambito fotografico nella seconda met\u00e0 dell\u2019Ottocento \u00a0\u00a079 Laura Cibrario, Fabiola Jatta, Una nuova lettura dell\u2019affresco dopo il recente intervento di restauro\u00a0 \u00a087 Paolo Russo, Una acquisizione per la scultura lignea del Settecento in Sicilia: la statua del \u2018Cristo risorto\u2019 di Antonino Lo Verde a Pietraperzia\u00a0 \u00a0125 Michela Zurla, \u00abFar correre il grido di Genova nell\u2019Esposizione\u00bb: Santo Varni e la riscoperta della scultura genovese del Rinascimento nel Crystal Palace di Londra\u00a0 \u00a0139 Fulvio Lanzarone, Lo Stadio di Palermo dal 1931 a oggi: un recupero tra conservazione \u00a0\u00a0 e innovazione\u00a0 \u00a0153 La memoria istituzionale Joanna Smalcerz, The Political Clout of Italian Associations of Art Dealers and the Liberalisation of the 1903 Amendment of the Nasi Law\u00a0 \u00a0179 Tutela e valorizzazione Enrico Edoardo Barbero, Federico Doneux, Franco Gualano, Lorenza Santa I lavori e la riapertura dell\u2019Appartamento dei Principi Forestieri nel Palazzo Reale di Torino \u00a0\u00a0195 Libri e mostre Zaccaria Mari, Luca Creti, recensione a Lectures on Trajan&#8217;s Column and its Architect Apollodorus\u00a0Damascus, edited by C.<\/p>\n","protected":false},"author":1,"featured_media":13565,"comment_status":"closed","ping_status":"open","sticky":false,"template":"","format":"standard","meta":{"footnotes":""},"categories":[2973,11,13,2576],"tags":[3010,1059,907,3003,2184,1309,3011,3012,3008,3014,2988,3005,2310,3006,3013,3004,3009,3007,2873],"class_list":["post-13472","post","type-post","status-publish","format-standard","has-post-thumbnail","hentry","category-2973","category-comunicazioni","category-fascicoli","category-vii-serie","tag-barbero-enrico-edoardo","tag-bon-valsassina-caterina","tag-bonsanti-giorgio","tag-ciatti-marco","tag-cola-maria-celeste","tag-creti-luca","tag-doneux-federico","tag-gualano-franco","tag-lanzarone-fulvio","tag-lupo-valeria","tag-mari-zaccaria","tag-noe-maurizio","tag-parlato-enrico","tag-rosa-beatrice","tag-santa-lorenza","tag-santi-bruno","tag-smalcerz-joanna","tag-willer-jacob","tag-zurla-michela"],"featured_image_src":"https:\/\/bollettinodarte.cultura.gov.it\/wp-content\/uploads\/2025\/02\/Copertina-59-60-Layout-1-600x400.png","featured_image_src_square":"https:\/\/bollettinodarte.cultura.gov.it\/wp-content\/uploads\/2025\/02\/Copertina-59-60-Layout-1-600x600.png","author_info":{"display_name":"bollettinodarte","author_link":"https:\/\/bollettinodarte.cultura.gov.it\/?author=1"},"category_info":"<a href=\"https:\/\/bollettinodarte.cultura.gov.it\/?cat=2973\" rel=\"category\">2023<\/a>,<a href=\"https:\/\/bollettinodarte.cultura.gov.it\/?cat=11\" rel=\"category\">Comunicazioni<\/a>,<a href=\"https:\/\/bollettinodarte.cultura.gov.it\/?cat=13\" rel=\"category\">Fascicoli<\/a>,<a href=\"https:\/\/bollettinodarte.cultura.gov.it\/?cat=2576\" rel=\"category\">VII serie<\/a>","tags_info":"<a href=\"https:\/\/bollettinodarte.cultura.gov.it\/?tag=barbero-enrico-edoardo\" rel=\"tag\">Barbero Enrico Edoardo<\/a>, <a href=\"https:\/\/bollettinodarte.cultura.gov.it\/?tag=bon-valsassina-caterina\" rel=\"tag\">Bon Valsassina Caterina<\/a>, <a href=\"https:\/\/bollettinodarte.cultura.gov.it\/?tag=bonsanti-giorgio\" rel=\"tag\">Bonsanti Giorgio<\/a>, <a href=\"https:\/\/bollettinodarte.cultura.gov.it\/?tag=ciatti-marco\" rel=\"tag\">Ciatti Marco<\/a>, <a href=\"https:\/\/bollettinodarte.cultura.gov.it\/?tag=cola-maria-celeste\" rel=\"tag\">Cola Maria Celeste<\/a>, <a href=\"https:\/\/bollettinodarte.cultura.gov.it\/?tag=creti-luca\" rel=\"tag\">Creti Luca<\/a>, <a href=\"https:\/\/bollettinodarte.cultura.gov.it\/?tag=doneux-federico\" rel=\"tag\">Doneux Federico<\/a>, <a href=\"https:\/\/bollettinodarte.cultura.gov.it\/?tag=gualano-franco\" rel=\"tag\">Gualano Franco<\/a>, <a href=\"https:\/\/bollettinodarte.cultura.gov.it\/?tag=lanzarone-fulvio\" rel=\"tag\">Lanzarone Fulvio<\/a>, <a href=\"https:\/\/bollettinodarte.cultura.gov.it\/?tag=lupo-valeria\" rel=\"tag\">Lupo Valeria<\/a>, <a href=\"https:\/\/bollettinodarte.cultura.gov.it\/?tag=mari-zaccaria\" rel=\"tag\">Mari Zaccaria<\/a>, <a href=\"https:\/\/bollettinodarte.cultura.gov.it\/?tag=noe-maurizio\" rel=\"tag\">No\u00e8 Maurizio<\/a>, <a href=\"https:\/\/bollettinodarte.cultura.gov.it\/?tag=parlato-enrico\" rel=\"tag\">Parlato Enrico<\/a>, <a href=\"https:\/\/bollettinodarte.cultura.gov.it\/?tag=rosa-beatrice\" rel=\"tag\">Rosa Beatrice<\/a>, <a href=\"https:\/\/bollettinodarte.cultura.gov.it\/?tag=santa-lorenza\" rel=\"tag\">Santa Lorenza<\/a>, <a href=\"https:\/\/bollettinodarte.cultura.gov.it\/?tag=santi-bruno\" rel=\"tag\">Santi Bruno<\/a>, <a href=\"https:\/\/bollettinodarte.cultura.gov.it\/?tag=smalcerz-joanna\" rel=\"tag\">Smalcerz Joanna<\/a>, <a href=\"https:\/\/bollettinodarte.cultura.gov.it\/?tag=willer-jacob\" rel=\"tag\">Willer Jacob<\/a>, <a href=\"https:\/\/bollettinodarte.cultura.gov.it\/?tag=zurla-michela\" rel=\"tag\">Zurla Michela<\/a>","social_share_info":"<a data-share=\"facebook\" href=\"https:\/\/www.facebook.com\/sharer.php?u=https:\/\/bollettinodarte.cultura.gov.it\/?p=13472\" class=\"pl-facebook-share social-share-default pl-social-share\" target=\"_blank\"><i class=\"fab fa-facebook-f\" aria-hidden=\"true\"><\/i><\/a><a data-share=\"twitter\" href=\"https:\/\/twitter.com\/share?url=https:\/\/bollettinodarte.cultura.gov.it\/?p=13472\" class=\"pl-twiiter-share social-share-default pl-social-share\" target=\"_blank\"><i class=\"fab fa-twitter\" aria-hidden=\"true\"><\/i><\/a><a data-share=\"linkedin\" href=\"https:\/\/www.linkedin.com\/shareArticle?url=https:\/\/bollettinodarte.cultura.gov.it\/?p=13472\" class=\"pl-linkedin-share social-share-default pl-social-share\" target=\"_blank\"><i class=\"fab fa-linkedin-in\" aria-hidden=\"true\"><\/i><\/a>","wordExcerpt_info":"<p><em>In ricordo di Marco Ciatti<\/em>, di Giorgio Bonsanti, Bruno Santi\u00a0 \u00a0<strong>1<\/strong><\/p>\n<p><a href=\"https:\/\/bollettinodarte.cultura.gov.it\/?page_id=13471\">Maurizio No\u00e8<\/a>, <em>Tuscania: vicende storiche e trasformazioni urbanistico\u2013architettoniche<\/em><br \/>\n<em>della chiesa e del convento di Sant\u2019Agostino\u00a0 \u00a0<\/em><strong>5<\/strong><\/p>\n<p><a href=\"https:\/\/bollettinodarte.cultura.gov.it\/?page_id=13475\">Beatrice Rosa<\/a>, <em>Indagini sull\u2019attivit\u00e0 mantovana di Michele da Firenze e il suo lascito\u00a0 \u00a0<\/em><strong>31<\/strong><\/p>\n<p><a href=\"https:\/\/bollettinodarte.cultura.gov.it\/?page_id=13550\">Jacob Willer<\/a>, <em>A Reassessment of Orazio Gentileschi\u2019s Disregarded Frescoes at Farfa Abbey\u00a0 \u00a0<\/em><strong>51<\/strong><\/p>\n<p><em>L\u2019\u2018AURORA\u2019 DI GUIDO RENI NEL CASINO PALLAVICINI ROSPIGLIOSI<\/em><br \/>\n<a href=\"https:\/\/bollettinodarte.cultura.gov.it\/?page_id=13481\">Ilaria Sgarbozza<\/a>, <em>Note sulla fruizione e il successo del dipinto tra Settecento e Novecento\u00a0 \u00a0<\/em><strong>69<\/strong><br \/>\n<a href=\"https:\/\/bollettinodarte.cultura.gov.it\/?page_id=13539\">Claudio Seccaroni<\/a>,<em> Il favore incontrato dall\u2019opera in ambito fotografico nella seconda met\u00e0 dell\u2019Ottocento \u00a0\u00a0<\/em><strong>79<\/strong><br \/>\n<a href=\"https:\/\/bollettinodarte.cultura.gov.it\/?page_id=13543\">Laura Cibrario, Fabiola Jatta,<\/a> <em>Una nuova lettura dell\u2019affresco dopo il recente intervento di restauro\u00a0 \u00a0<\/em><strong>87<\/strong><\/p>\n<p><a href=\"https:\/\/bollettinodarte.cultura.gov.it\/?page_id=13553\">Paolo Russo<\/a>, <em>Una acquisizione per la scultura lignea del Settecento in Sicilia:<\/em><br \/>\n<em>la statua del \u2018Cristo risorto\u2019 di Antonino Lo Verde a Pietraperzia\u00a0 \u00a0<\/em><strong>125<\/strong><\/p>\n<p><a href=\"https:\/\/bollettinodarte.cultura.gov.it\/?page_id=13556\">Michela Zurla<\/a>, <em>\u00abFar correre il grido di Genova nell\u2019Esposizione\u00bb: Santo Varni e la riscoperta<\/em><br \/>\n<em>della scultura genovese del Rinascimento nel Crystal Palace di Londra\u00a0 \u00a0<\/em><strong>139<\/strong><\/p>\n<p><a href=\"https:\/\/bollettinodarte.cultura.gov.it\/?page_id=13559\">Fulvio Lanzarone<\/a>, <em>Lo Stadio di Palermo dal 1931 a oggi: un recupero tra conservazione \u00a0\u00a0<\/em><br \/>\n<em>e innovazione\u00a0 \u00a0<\/em><strong>153<\/strong><\/p>\n<p>La memoria istituzionale<br \/>\n<a href=\"https:\/\/bollettinodarte.cultura.gov.it\/?page_id=13562\">Joanna Smalcerz<\/a>,<em> The Political Clout of Italian Associations of Art Dealers and<\/em><br \/>\n<em>the Liberalisation of the 1903 Amendment of the Nasi Law\u00a0 \u00a0<\/em><strong>179<\/strong><\/p>\n<p>Tutela e valorizzazione<br \/>\n<a href=\"https:\/\/bollettinodarte.cultura.gov.it\/?page_id=13496\">Enrico Edoardo Barbero, Federico Doneux, Franco Gualano, Lorenza Santa<\/a><br \/>\n<em>I lavori e la riapertura dell\u2019Appartamento dei Principi Forestieri nel Palazzo Reale di Torino \u00a0\u00a0<\/em><strong>195<\/strong><\/p>\n<p>Libri e mostre<br \/>\nZaccaria Mari, Luca Creti, recensione a <em>Lectures on Trajan&#8217;s Column and its Architect Apollodorus<\/em><em>\u00a0Damascus, <\/em>edited by C. Conti Roma\u2013Bristol (CT) 2022\u00a0 \u00a0<strong>221<\/strong><br \/>\nEnrico Parlato, recensione a<em> Tra patria particolare e patria comune. L\u2019architettura e le arti<\/em><br \/>\n<em>a Bologna 1534\u20131584<\/em>, a cura di M. Ricci, Roma 2021\u00a0 \u00a0<strong>239<\/strong><br \/>\nMaria Celeste Cola, recensione ad A. Pampalone, <em>Collezionismo e libero mercato<\/em><br \/>\n<em>nella Roma del Seicento. La quadreria del mercante di sete Marcantonio<\/em><br \/>\n<em>De Marchis<\/em>, Roma 2023\u00a0 \u00a0<strong>244<\/strong><br \/>\nCaterina Bon Valsassina, recensione a<br \/>\nC. Galassi, <em>L\u2019occhio del conoscitore. Le ricognizioni di Cavalcaselle e le opere<\/em><br \/>\n<em>della Galleria Nazionale dell\u2019Umbria nel Taccuino XI della Biblioteca Marciana<\/em>, Perugia 2023<br \/>\nG. Mazzaferro, <em>Il giovane Cavalcaselle. \u00abIl pi\u00f9 curioso, il pi\u00f9 intrepido, il pi\u00f9 appassionato<\/em><br \/>\n<em>di tutti gli affamati di pittura\u00bb<\/em>, Firenze 2023\u00a0 \u00a0<strong>246<\/strong><br \/>\nValeria Lupo, recensione a <em>Ereditare il presente. Conoscenza, tutela e valorizzazione<\/em><br \/>\n<em>dell\u2019architettura italiana dal 1945 ad oggi<\/em>, a cura di S. De Notarpietro,<br \/>\nA. Ferrighi, E. Garofalo, L.A. Scuderi, Arezzo 2024\u00a0 \u00a0<strong>257<\/strong><\/p>\n<p>Abstracts\u00a0 \u00a0<strong>287<\/strong><br \/>\nContatti degli Autori\u00a0 \u00a0<strong>291<\/strong><\/p>\n<p>In copertina<br \/>\nRoma, Moschea e centro culturale islamico, particolare del portico<br \/>\nProgetto di Paolo Portoghesi, Vittorio Gigliotti, Sami Mousawi e collaboratori,<br \/>\ncon Aldo Spirito, Guido Guy, Emanuele Filiberto Radogna per le strutture<br \/>\n(foto di Flavia Rossi, 2019)<\/p>\n","comment_info":"No Comments","_links":{"self":[{"href":"https:\/\/bollettinodarte.cultura.gov.it\/index.php?rest_route=\/wp\/v2\/posts\/13472","targetHints":{"allow":["GET"]}}],"collection":[{"href":"https:\/\/bollettinodarte.cultura.gov.it\/index.php?rest_route=\/wp\/v2\/posts"}],"about":[{"href":"https:\/\/bollettinodarte.cultura.gov.it\/index.php?rest_route=\/wp\/v2\/types\/post"}],"author":[{"embeddable":true,"href":"https:\/\/bollettinodarte.cultura.gov.it\/index.php?rest_route=\/wp\/v2\/users\/1"}],"replies":[{"embeddable":true,"href":"https:\/\/bollettinodarte.cultura.gov.it\/index.php?rest_route=%2Fwp%2Fv2%2Fcomments&post=13472"}],"version-history":[{"count":24,"href":"https:\/\/bollettinodarte.cultura.gov.it\/index.php?rest_route=\/wp\/v2\/posts\/13472\/revisions"}],"predecessor-version":[{"id":13769,"href":"https:\/\/bollettinodarte.cultura.gov.it\/index.php?rest_route=\/wp\/v2\/posts\/13472\/revisions\/13769"}],"wp:featuredmedia":[{"embeddable":true,"href":"https:\/\/bollettinodarte.cultura.gov.it\/index.php?rest_route=\/wp\/v2\/media\/13565"}],"wp:attachment":[{"href":"https:\/\/bollettinodarte.cultura.gov.it\/index.php?rest_route=%2Fwp%2Fv2%2Fmedia&parent=13472"}],"wp:term":[{"taxonomy":"category","embeddable":true,"href":"https:\/\/bollettinodarte.cultura.gov.it\/index.php?rest_route=%2Fwp%2Fv2%2Fcategories&post=13472"},{"taxonomy":"post_tag","embeddable":true,"href":"https:\/\/bollettinodarte.cultura.gov.it\/index.php?rest_route=%2Fwp%2Fv2%2Ftags&post=13472"}],"curies":[{"name":"wp","href":"https:\/\/api.w.org\/{rel}","templated":true}]}}