{"id":3546,"date":"2023-04-14T14:34:22","date_gmt":"2023-04-14T12:34:22","guid":{"rendered":"http:\/\/bollettinodarte.cultura.gov.it\/?p=3546"},"modified":"2023-09-13T12:16:11","modified_gmt":"2023-09-13T10:16:11","slug":"dalle-arene-candide-a-lipari-scritti-in-onore-di-luigi-bernabo-brea-atti-del-convegno-di-genova-3-5-febbraio-2001-2004","status":"publish","type":"post","link":"https:\/\/bollettinodarte.cultura.gov.it\/?p=3546","title":{"rendered":"2004 &#8211; Dalle Arene candide a Lipari. Scritti in onore di Luigi Bernab\u00f2 Brea. Atti del convegno di Genova 3-5 febbraio 2001"},"content":{"rendered":"<p>Presentazione di\u00a0Mario Serio\u00a0\u00a0\u00a0<strong>VII<br \/>\n<\/strong><\/p>\n<p>La citt\u00e0 di Genova per Luigi Bernab\u00f2 Brea di\u00a0Giuseppe Pericu\u00a0\u00a0\u00a0<strong>IX<br \/>\n<\/strong><\/p>\n<p>Giuseppina Spadea: Luigi Bernab\u00f2 Brea e la Soprintendenza alle Antichit\u00e0 della Liguria:<br \/>\n1939\u20131941\u00a0 \u00a0<strong>XI<br \/>\n<\/strong><\/p>\n<p>Giovanni Pugliese Carratelli: Ricordo di un amico\u00a0 <strong>\u00a0XIX<br \/>\n<\/strong><\/p>\n<p>Antonio Giuliano: Per Luigi Bernab\u00f2 Brea\u00a0 <strong>\u00a0XXI<\/strong><\/p>\n<p>&nbsp;<\/p>\n<p>LUIGI BERNAB\u00d2 BREA E LA SICILIA<\/p>\n<p>Paola Pelagatti: Luigi Bernab\u00f2 Brea e la Soprintendenza alle Antichit\u00e0 di Siracusa<br \/>\nin Appendice Documenti e scritti inediti di Luigi Bernab\u00f2 Brea\u00a0\u00a0\u00a0<strong>3<br \/>\n<\/strong><\/p>\n<p>Giuseppe Voza: Luigi Bernab\u00f2 Brea e i grandi Musei archeologici della Sicilia Orientale\u00a0\u00a0 <strong>37<\/strong><\/p>\n<p>Michel Gras: Luigi Bernab\u00f2 Brea e Megara Hyblaea\u00a0 \u00a0<strong>51<br \/>\n<\/strong><\/p>\n<p>Pier Giovanni Guzzo: Tra tutela e ricerca\u00a0 <strong>\u00a059<br \/>\n<\/strong><\/p>\n<p>Malcolm Bell III: Remembering Luigi Bernab\u00f2 Brea\u00a0\u00a0 <strong>61<br \/>\n<\/strong><\/p>\n<p>Maria Costanza Lentini: Luigi Bernab\u00f2 Brea e il teatro antico di Taormina\u00a0 <strong>\u00a069<br \/>\n<\/strong><\/p>\n<p>Jean\u2013Paul Morel: Quatre \u00e9paves des \u00eeles Eoliennes dans le contexte m\u00e9diterran\u00e9en\u00a0 <strong>\u00a075<br \/>\n<\/strong><\/p>\n<p>Federica Cordano: Le isole Eolie e la carta di Agrippa\u00a0 \u00a0<strong>103<\/strong><\/p>\n<p>&nbsp;<\/p>\n<p>STRATIGRAFIA DEL MEDITERRANEO ANTICO: DALLE ARENE CANDIDE ALL\u2019ATLANTICO,<br \/>\nDA LEMNOS A LIPARI<\/p>\n<p>Jean Guilaine: Construire la stratigraphie du N\u00e9olithique M\u00e9diterran\u00e9en. D\u00e9bats d\u2019hier<br \/>\net d\u2019aujourd\u2019hui\u00a0 \u00a0<strong>115<br \/>\n<\/strong><\/p>\n<p>Peter Rowley\u2013Conwy: From Arene Candide to the Atlantic: the Bernab\u00f2 Brea excavations<br \/>\nand early domestic animals in the West Mediterranean\u00a0 \u00a0<strong>123<br \/>\n<\/strong><\/p>\n<p>Pierre Rouillard: Luigi Bernab\u00f2 Brea et l\u2019Espagne pr\u00e9romaine: quelques questions<br \/>\nde chronologie\u00a0 \u00a0<strong>133<br \/>\n<\/strong><\/p>\n<p>Licia Vlad Borrelli: Lemnia Erga: 1951 e 1952\u00a0 \u00a0<strong>137<br \/>\n<\/strong><\/p>\n<p>Christos G. Doumas: Luigi Bernab\u00f2 Brea and the Myrina Museum on Lemnos\u00a0\u00a0\u00a0<strong>139<br \/>\n<\/strong><\/p>\n<p>Renato Peroni: La lettura critica delle sequenze stratigrafiche a partire dall\u2019opera<br \/>\ndi Luigi Bernab\u00f2 Brea\u00a0 \u00a0<strong>145<br \/>\n<\/strong><\/p>\n<p>Daniele Manacorda: Riflessioni sullo scavo archeologico\u00a0 \u00a0<strong>149<\/strong><\/p>\n<p>&nbsp;<\/p>\n<p>LUIGI BERNAB\u00d2 BREA, L\u2019ARCHEOLOGIA IN LIGURIA E L\u2019ORIENTE<\/p>\n<p>Roberto Maggi: Lo scavo di Luigi Bernab\u00f2 Brea nella Caverna delle Arene Candide<br \/>\nnel contesto storico degli studi di preistoria in Italia\u00a0 \u00a0<strong>167<br \/>\n<\/strong><\/p>\n<p>Piera Melli: Lo scavo di Luigi Bernab\u00f2 Brea nella necropoli preromana di Genova\u00a0 \u00a0<strong>177<br \/>\n<\/strong><\/p>\n<p>Patrizia Garibaldi, Guido Rossi: Genesi e sviluppo del primo progetto museologico<br \/>\ndi L. Bernab\u00f2 Brea: il Museo di Archeologia Ligure di Genova\u00a0 <strong>\u00a0187<br \/>\n<\/strong><\/p>\n<p>Anna Maria Pastorino: La collezione archeologica del principe Odone di Savoia nel Museo Civico<br \/>\ndi Archeologia Ligure\u00a0 \u00a0<strong>197<br \/>\n<\/strong><\/p>\n<p>Donatella Failla: Il contributo di Luigi Bernab\u00f2 Brea alla conoscenza e alla valorizzazione dell\u2019arte giapponese Ukiyoe del Museo Chiossone di Genova\u00a0 <strong>\u00a0205<\/strong><\/p>\n<p>&nbsp;<\/p>\n<p>APPARATI<strong><br \/>\n<\/strong><\/p>\n<p>Biografia di Luigi Bernab\u00f2 Brea a cura di Lucilla de Lachenal\u00a0 \u00a0<strong>215<br \/>\n<\/strong><\/p>\n<p>Bibliografia di Luigi Bernab\u00f2 Brea a cura di Madeleine Cavalier e Maria Bernab\u00f2 Brea\u00a0 <strong>\u00a0217<br \/>\n<\/strong><\/p>\n<p>Tabula gratulationis\u00a0 \u00a0<strong>225<\/strong><\/p>\n<p>&nbsp;<\/p>\n<p>In copertina: Lipari, Museo Archeologico Regionale Eoliano Luigi Bernab\u00f2 Brea &#8211; Modellino fittile di maschera teatrale rappresentante Paride (dalla perduta tragedia di Sofocle filotete Troia), da Lipari<\/p>\n","protected":false},"excerpt":{"rendered":"<p>Presentazione di\u00a0Mario Serio\u00a0\u00a0\u00a0VII La citt\u00e0 di Genova per Luigi Bernab\u00f2 Brea di\u00a0Giuseppe Pericu\u00a0\u00a0\u00a0IX Giuseppina Spadea: Luigi Bernab\u00f2 Brea e la Soprintendenza alle Antichit\u00e0 della Liguria: 1939\u20131941\u00a0 \u00a0XI Giovanni Pugliese Carratelli: Ricordo di un amico\u00a0 \u00a0XIX Antonio Giuliano: Per Luigi Bernab\u00f2 Brea\u00a0 \u00a0XXI &nbsp; LUIGI BERNAB\u00d2 BREA E LA SICILIA Paola Pelagatti: Luigi Bernab\u00f2 Brea e la Soprintendenza alle Antichit\u00e0 di Siracusa in Appendice Documenti e scritti inediti di Luigi Bernab\u00f2 Brea\u00a0\u00a0\u00a03 Giuseppe Voza: Luigi Bernab\u00f2 Brea e i grandi Musei archeologici della Sicilia Orientale\u00a0\u00a0 37 Michel Gras: Luigi Bernab\u00f2 Brea e Megara Hyblaea\u00a0 \u00a051 Pier Giovanni Guzzo: Tra tutela e ricerca\u00a0 \u00a059 Malcolm Bell III: Remembering Luigi Bernab\u00f2 Brea\u00a0\u00a0 61 Maria Costanza Lentini: Luigi Bernab\u00f2 Brea e il teatro antico di Taormina\u00a0 \u00a069 Jean\u2013Paul Morel: Quatre \u00e9paves des \u00eeles Eoliennes dans le contexte m\u00e9diterran\u00e9en\u00a0 \u00a075 Federica Cordano: Le isole Eolie e la carta di Agrippa\u00a0 \u00a0103 &nbsp; STRATIGRAFIA DEL MEDITERRANEO ANTICO: DALLE ARENE CANDIDE ALL\u2019ATLANTICO, DA LEMNOS A LIPARI Jean Guilaine: Construire la stratigraphie du N\u00e9olithique M\u00e9diterran\u00e9en.<\/p>\n","protected":false},"author":1,"featured_media":10507,"comment_status":"closed","ping_status":"open","sticky":false,"template":"","format":"standard","meta":{"footnotes":""},"categories":[1018,14],"tags":[1025,735,1028,1032,1040,1037,667,1024,1029,897,1026,1035,1034,1036,1027,1039,808,1020,1033,1022,1038,1031,1030,1005,1021,693,1023],"class_list":["post-3546","post","type-post","status-publish","format-standard","has-post-thumbnail","hentry","category-1018","category-volumi-speciali","tag-bell-malcolm","tag-bernabo-brea-luigi","tag-cordano-federica","tag-doumas-christos-georgiou","tag-failla-donatella","tag-garibaldi-patrizia","tag-giuliano-antonio","tag-gras-michel","tag-guilaine-jean","tag-guzzo-pier-giovanni","tag-lentini-maria-costanza","tag-maggi-roberto","tag-manacorda-daniele","tag-melli-piera","tag-morel-jean-paul","tag-pastorino-anna-maria","tag-pelagatti-paola","tag-pericu-giuseppe","tag-peroni-renato","tag-pugliese-carratelli-giovanni","tag-rossi-guido","tag-rouillard-pierre","tag-rowley-conwy-peter","tag-serio-mario","tag-spadea-giuseppina","tag-vlad-borrelli-licia","tag-voza-giuseppe"],"featured_image_src":"https:\/\/bollettinodarte.cultura.gov.it\/wp-content\/uploads\/2023\/04\/12-Dalle-arene-candide-a-Lipari-Bernabo-Brea.jpg","featured_image_src_square":"https:\/\/bollettinodarte.cultura.gov.it\/wp-content\/uploads\/2023\/04\/12-Dalle-arene-candide-a-Lipari-Bernabo-Brea.jpg","author_info":{"display_name":"bollettinodarte","author_link":"https:\/\/bollettinodarte.cultura.gov.it\/?author=1"},"category_info":"<a href=\"https:\/\/bollettinodarte.cultura.gov.it\/?cat=1018\" rel=\"category\">2004<\/a>,<a href=\"https:\/\/bollettinodarte.cultura.gov.it\/?cat=14\" rel=\"category\">Volumi speciali<\/a>","tags_info":"<a href=\"https:\/\/bollettinodarte.cultura.gov.it\/?tag=bell-malcolm\" rel=\"tag\">Bell Malcolm<\/a>, <a href=\"https:\/\/bollettinodarte.cultura.gov.it\/?tag=bernabo-brea-luigi\" rel=\"tag\">Bernab\u00f2 Brea Luigi<\/a>, <a href=\"https:\/\/bollettinodarte.cultura.gov.it\/?tag=cordano-federica\" rel=\"tag\">Cordano Federica<\/a>, <a href=\"https:\/\/bollettinodarte.cultura.gov.it\/?tag=doumas-christos-georgiou\" rel=\"tag\">Doumas Christos Georgiou<\/a>, <a href=\"https:\/\/bollettinodarte.cultura.gov.it\/?tag=failla-donatella\" rel=\"tag\">Failla Donatella<\/a>, <a href=\"https:\/\/bollettinodarte.cultura.gov.it\/?tag=garibaldi-patrizia\" rel=\"tag\">Garibaldi Patrizia<\/a>, <a href=\"https:\/\/bollettinodarte.cultura.gov.it\/?tag=giuliano-antonio\" rel=\"tag\">Giuliano Antonio<\/a>, <a href=\"https:\/\/bollettinodarte.cultura.gov.it\/?tag=gras-michel\" rel=\"tag\">Gras Michel<\/a>, <a href=\"https:\/\/bollettinodarte.cultura.gov.it\/?tag=guilaine-jean\" rel=\"tag\">Guilaine Jean<\/a>, <a href=\"https:\/\/bollettinodarte.cultura.gov.it\/?tag=guzzo-pier-giovanni\" rel=\"tag\">Guzzo Pier Giovanni<\/a>, <a href=\"https:\/\/bollettinodarte.cultura.gov.it\/?tag=lentini-maria-costanza\" rel=\"tag\">Lentini Maria Costanza<\/a>, <a href=\"https:\/\/bollettinodarte.cultura.gov.it\/?tag=maggi-roberto\" rel=\"tag\">Maggi Roberto<\/a>, <a href=\"https:\/\/bollettinodarte.cultura.gov.it\/?tag=manacorda-daniele\" rel=\"tag\">Manacorda Daniele<\/a>, <a href=\"https:\/\/bollettinodarte.cultura.gov.it\/?tag=melli-piera\" rel=\"tag\">Melli Piera<\/a>, <a href=\"https:\/\/bollettinodarte.cultura.gov.it\/?tag=morel-jean-paul\" rel=\"tag\">Morel Jean-Paul<\/a>, <a href=\"https:\/\/bollettinodarte.cultura.gov.it\/?tag=pastorino-anna-maria\" rel=\"tag\">Pastorino Anna Maria<\/a>, <a href=\"https:\/\/bollettinodarte.cultura.gov.it\/?tag=pelagatti-paola\" rel=\"tag\">Pelagatti Paola<\/a>, <a href=\"https:\/\/bollettinodarte.cultura.gov.it\/?tag=pericu-giuseppe\" rel=\"tag\">Pericu Giuseppe<\/a>, <a href=\"https:\/\/bollettinodarte.cultura.gov.it\/?tag=peroni-renato\" rel=\"tag\">Peroni Renato<\/a>, <a href=\"https:\/\/bollettinodarte.cultura.gov.it\/?tag=pugliese-carratelli-giovanni\" rel=\"tag\">Pugliese Carratelli Giovanni<\/a>, <a href=\"https:\/\/bollettinodarte.cultura.gov.it\/?tag=rossi-guido\" rel=\"tag\">Rossi Guido<\/a>, <a href=\"https:\/\/bollettinodarte.cultura.gov.it\/?tag=rouillard-pierre\" rel=\"tag\">Rouillard Pierre<\/a>, <a href=\"https:\/\/bollettinodarte.cultura.gov.it\/?tag=rowley-conwy-peter\" rel=\"tag\">Rowley-Conwy Peter<\/a>, <a href=\"https:\/\/bollettinodarte.cultura.gov.it\/?tag=serio-mario\" rel=\"tag\">Serio Mario<\/a>, <a href=\"https:\/\/bollettinodarte.cultura.gov.it\/?tag=spadea-giuseppina\" rel=\"tag\">Spadea Giuseppina<\/a>, <a href=\"https:\/\/bollettinodarte.cultura.gov.it\/?tag=vlad-borrelli-licia\" rel=\"tag\">Vlad Borrelli Licia<\/a>, <a href=\"https:\/\/bollettinodarte.cultura.gov.it\/?tag=voza-giuseppe\" rel=\"tag\">Voza Giuseppe<\/a>","social_share_info":"<a data-share=\"facebook\" href=\"https:\/\/www.facebook.com\/sharer.php?u=https:\/\/bollettinodarte.cultura.gov.it\/?p=3546\" class=\"pl-facebook-share social-share-default pl-social-share\" target=\"_blank\"><i class=\"fab fa-facebook-f\" aria-hidden=\"true\"><\/i><\/a><a data-share=\"twitter\" href=\"https:\/\/twitter.com\/share?url=https:\/\/bollettinodarte.cultura.gov.it\/?p=3546\" class=\"pl-twiiter-share social-share-default pl-social-share\" target=\"_blank\"><i class=\"fab fa-twitter\" aria-hidden=\"true\"><\/i><\/a><a data-share=\"linkedin\" href=\"https:\/\/www.linkedin.com\/shareArticle?url=https:\/\/bollettinodarte.cultura.gov.it\/?p=3546\" class=\"pl-linkedin-share social-share-default pl-social-share\" target=\"_blank\"><i class=\"fab fa-linkedin-in\" aria-hidden=\"true\"><\/i><\/a>","wordExcerpt_info":"<p>Presentazione di\u00a0Mario Serio\u00a0\u00a0\u00a0<strong>VII<br \/>\n<\/strong><\/p>\n<p>La citt\u00e0 di Genova per Luigi Bernab\u00f2 Brea di\u00a0Giuseppe Pericu\u00a0\u00a0\u00a0<strong>IX<br \/>\n<\/strong><\/p>\n<p>Giuseppina Spadea: Luigi Bernab\u00f2 Brea e la Soprintendenza alle Antichit\u00e0 della Liguria:<br \/>\n1939\u20131941\u00a0 \u00a0<strong>XI<br \/>\n<\/strong><\/p>\n<p>Giovanni Pugliese Carratelli: Ricordo di un amico\u00a0 <strong>\u00a0XIX<br \/>\n<\/strong><\/p>\n<p>Antonio Giuliano: Per Luigi Bernab\u00f2 Brea\u00a0 <strong>\u00a0XXI<\/strong><\/p>\n<p>&nbsp;<\/p>\n<p>LUIGI BERNAB\u00d2 BREA E LA SICILIA<\/p>\n<p>Paola Pelagatti: Luigi Bernab\u00f2 Brea e la Soprintendenza alle Antichit\u00e0 di Siracusa<br \/>\nin Appendice Documenti e scritti inediti di Luigi Bernab\u00f2 Brea\u00a0\u00a0\u00a0<strong>3<br \/>\n<\/strong><\/p>\n<p>Giuseppe Voza: Luigi Bernab\u00f2 Brea e i grandi Musei archeologici della Sicilia Orientale\u00a0\u00a0 <strong>37<\/strong><\/p>\n<p>Michel Gras: Luigi Bernab\u00f2 Brea e Megara Hyblaea\u00a0 \u00a0<strong>51<br \/>\n<\/strong><\/p>\n<p>Pier Giovanni Guzzo: Tra tutela e ricerca\u00a0 <strong>\u00a059<br \/>\n<\/strong><\/p>\n<p>Malcolm Bell III: Remembering Luigi Bernab\u00f2 Brea\u00a0\u00a0 <strong>61<br \/>\n<\/strong><\/p>\n<p>Maria Costanza Lentini: Luigi Bernab\u00f2 Brea e il teatro antico di Taormina\u00a0 <strong>\u00a069<br \/>\n<\/strong><\/p>\n<p>Jean\u2013Paul Morel: Quatre \u00e9paves des \u00eeles Eoliennes dans le contexte m\u00e9diterran\u00e9en\u00a0 <strong>\u00a075<br \/>\n<\/strong><\/p>\n<p>Federica Cordano: Le isole Eolie e la carta di Agrippa\u00a0 \u00a0<strong>103<\/strong><\/p>\n<p>&nbsp;<\/p>\n<p>STRATIGRAFIA DEL MEDITERRANEO ANTICO: DALLE ARENE CANDIDE ALL\u2019ATLANTICO,<br \/>\nDA LEMNOS A LIPARI<\/p>\n<p>Jean Guilaine: Construire la stratigraphie du N\u00e9olithique M\u00e9diterran\u00e9en. D\u00e9bats d\u2019hier<br \/>\net d\u2019aujourd\u2019hui\u00a0 \u00a0<strong>115<br \/>\n<\/strong><\/p>\n<p>Peter Rowley\u2013Conwy: From Arene Candide to the Atlantic: the Bernab\u00f2 Brea excavations<br \/>\nand early domestic animals in the West Mediterranean\u00a0 \u00a0<strong>123<br \/>\n<\/strong><\/p>\n<p>Pierre Rouillard: Luigi Bernab\u00f2 Brea et l\u2019Espagne pr\u00e9romaine: quelques questions<br \/>\nde chronologie\u00a0 \u00a0<strong>133<br \/>\n<\/strong><\/p>\n<p>Licia Vlad Borrelli: Lemnia Erga: 1951 e 1952\u00a0 \u00a0<strong>137<br \/>\n<\/strong><\/p>\n<p>Christos G. Doumas: Luigi Bernab\u00f2 Brea and the Myrina Museum on Lemnos\u00a0\u00a0\u00a0<strong>139<br \/>\n<\/strong><\/p>\n<p>Renato Peroni: La lettura critica delle sequenze stratigrafiche a partire dall\u2019opera<br \/>\ndi Luigi Bernab\u00f2 Brea\u00a0 \u00a0<strong>145<br \/>\n<\/strong><\/p>\n<p>Daniele Manacorda: Riflessioni sullo scavo archeologico\u00a0 \u00a0<strong>149<\/strong><\/p>\n<p>&nbsp;<\/p>\n<p>LUIGI BERNAB\u00d2 BREA, L\u2019ARCHEOLOGIA IN LIGURIA E L\u2019ORIENTE<\/p>\n<p>Roberto Maggi: Lo scavo di Luigi Bernab\u00f2 Brea nella Caverna delle Arene Candide<br \/>\nnel contesto storico degli studi di preistoria in Italia\u00a0 \u00a0<strong>167<br \/>\n<\/strong><\/p>\n<p>Piera Melli: Lo scavo di Luigi Bernab\u00f2 Brea nella necropoli preromana di Genova\u00a0 \u00a0<strong>177<br \/>\n<\/strong><\/p>\n<p>Patrizia Garibaldi, Guido Rossi: Genesi e sviluppo del primo progetto museologico<br \/>\ndi L. Bernab\u00f2 Brea: il Museo di Archeologia Ligure di Genova\u00a0 <strong>\u00a0187<br \/>\n<\/strong><\/p>\n<p>Anna Maria Pastorino: La collezione archeologica del principe Odone di Savoia nel Museo Civico<br \/>\ndi Archeologia Ligure\u00a0 \u00a0<strong>197<br \/>\n<\/strong><\/p>\n<p>Donatella Failla: Il contributo di Luigi Bernab\u00f2 Brea alla conoscenza e alla valorizzazione dell\u2019arte giapponese Ukiyoe del Museo Chiossone di Genova\u00a0 <strong>\u00a0205<\/strong><\/p>\n<p>&nbsp;<\/p>\n<p>APPARATI<strong><br \/>\n<\/strong><\/p>\n<p>Biografia di Luigi Bernab\u00f2 Brea a cura di Lucilla de Lachenal\u00a0 \u00a0<strong>215<br \/>\n<\/strong><\/p>\n<p>Bibliografia di Luigi Bernab\u00f2 Brea a cura di Madeleine Cavalier e Maria Bernab\u00f2 Brea\u00a0 <strong>\u00a0217<br \/>\n<\/strong><\/p>\n<p>Tabula gratulationis\u00a0 \u00a0<strong>225<\/strong><\/p>\n<p>&nbsp;<\/p>\n<p>In copertina: Lipari, Museo Archeologico Regionale Eoliano Luigi Bernab\u00f2 Brea &#8211; Modellino fittile di maschera teatrale rappresentante Paride (dalla perduta tragedia di Sofocle filotete Troia), da Lipari<\/p>\n","comment_info":"No Comments","_links":{"self":[{"href":"https:\/\/bollettinodarte.cultura.gov.it\/index.php?rest_route=\/wp\/v2\/posts\/3546","targetHints":{"allow":["GET"]}}],"collection":[{"href":"https:\/\/bollettinodarte.cultura.gov.it\/index.php?rest_route=\/wp\/v2\/posts"}],"about":[{"href":"https:\/\/bollettinodarte.cultura.gov.it\/index.php?rest_route=\/wp\/v2\/types\/post"}],"author":[{"embeddable":true,"href":"https:\/\/bollettinodarte.cultura.gov.it\/index.php?rest_route=\/wp\/v2\/users\/1"}],"replies":[{"embeddable":true,"href":"https:\/\/bollettinodarte.cultura.gov.it\/index.php?rest_route=%2Fwp%2Fv2%2Fcomments&post=3546"}],"version-history":[{"count":6,"href":"https:\/\/bollettinodarte.cultura.gov.it\/index.php?rest_route=\/wp\/v2\/posts\/3546\/revisions"}],"predecessor-version":[{"id":11451,"href":"https:\/\/bollettinodarte.cultura.gov.it\/index.php?rest_route=\/wp\/v2\/posts\/3546\/revisions\/11451"}],"wp:featuredmedia":[{"embeddable":true,"href":"https:\/\/bollettinodarte.cultura.gov.it\/index.php?rest_route=\/wp\/v2\/media\/10507"}],"wp:attachment":[{"href":"https:\/\/bollettinodarte.cultura.gov.it\/index.php?rest_route=%2Fwp%2Fv2%2Fmedia&parent=3546"}],"wp:term":[{"taxonomy":"category","embeddable":true,"href":"https:\/\/bollettinodarte.cultura.gov.it\/index.php?rest_route=%2Fwp%2Fv2%2Fcategories&post=3546"},{"taxonomy":"post_tag","embeddable":true,"href":"https:\/\/bollettinodarte.cultura.gov.it\/index.php?rest_route=%2Fwp%2Fv2%2Ftags&post=3546"}],"curies":[{"name":"wp","href":"https:\/\/api.w.org\/{rel}","templated":true}]}}