{"id":8615,"date":"2023-07-20T14:12:18","date_gmt":"2023-07-20T12:12:18","guid":{"rendered":"http:\/\/bollettinodarte.cultura.gov.it\/?p=8615"},"modified":"2023-10-19T14:48:17","modified_gmt":"2023-10-19T12:48:17","slug":"fascicolo-13-gennaio-marzo-2012","status":"publish","type":"post","link":"https:\/\/bollettinodarte.cultura.gov.it\/?p=8615","title":{"rendered":"Fascicolo 13 (gennaio-marzo 2012)"},"content":{"rendered":"<p>Francesco Negri Arnoldi<strong>:<\/strong>\u00a0Per Michele D\u2019Elia\u00a0<strong>\u00a01<\/strong><\/p>\n<p><a title=\"Serafina Giannetti: Santuario di Ercole Vincitore a Tivoli. I. Le sculture di et\u00e0 repubblicana e i rapporti con i centri di produzione artistica greco\u2013insulare tra la fine del II e l\u2019inizio del I secolo a.C. (Estratto dal fasc. 13)\" href=\"http:\/\/bollettinodarte.cultura.gov.it\/?page_id=8623\">Serafina Giannetti:<\/a>\u00a0Santuario di Ercole Vincitore a Tivoli. I. Le sculture di et\u00e0 repubblicana e i rapporti con i centri di produzione artistica greco\u2013insulare tra la fine del II e l\u2019inizio del I secolo a.C.\u00a0\u00a0\u00a0<strong>3<\/strong><\/p>\n<p><a title=\"Roberta Porfiri: La Comet Art Gallery: l\u2019Italia e l\u2019America negli anni Trenta attraverso \u201cl\u2019impresa\u201d di Anna Laetitia Pecci Blunt a New York (Estratto dal fasc. 12)\" href=\"http:\/\/bollettinodarte.cultura.gov.it\/?page_id=8633\">Roberta Porfiri:<\/a>\u00a0The Comet Art Gallery: l\u2019Italia e l\u2019America negli anni Trenta attraverso \u201cl\u2019impresa\u201d di Anna Laetitia Pecci Blunt a New York\u00a0\u00a0<strong>33<\/strong><br \/>\n<strong><br \/>\n<\/strong>TUTELA DEL VERDE:<br \/>\n<a title=\"Massimo De Vico Fallani: La raffigurazione delle piante legnose nei progetti di manutenzione e restauro dei giardini e parchi d\u2019interesse storico\u2013artistico (Estratto dal fasc. 13)\" href=\"http:\/\/bollettinodarte.cultura.gov.it\/?page_id=8645\">Massimo de Vico Fallani:<\/a>\u00a0La raffigurazione delle piante legnose nei progetti di manutenzione e restauro dei giardini e parchi di interesse storico\u2013artistico\u00a0\u00a0<strong>59<\/strong><\/p>\n<p><strong>IN BREVE:<\/strong><br \/>\n<a title=\"Davide Dossi: Il &quot;Sileno&quot; di Francesco Pona: una fonte veronese per la datazione della \u2018pala Monterenzi\u2019 di Guido Reni (Estratto dal fasc. 13)\" href=\"http:\/\/bollettinodarte.cultura.gov.it\/?page_id=8654\">Davide Dossi:<\/a>\u00a0Il \u201cSileno\u201d di Francesco Pona: una fonte veronese per la datazione della \u201cpala Monterenzi\u201d di Guido Reni\u00a0\u00a0<strong>81<\/strong><\/p>\n<p>LIBRI:<br \/>\nMarcella Pisani:\u00a0recensione a St\u00e9phanie Huysecom\u2013Haxhi, Les figurines en terre cuite de l\u2019Art\u00e9mision de Thasos. Artisanat et pi\u00e9t\u00e9 populaire \u00e0 l\u2019\u00e9poque de l\u2019archa\u00efsme m\u00fbr et r\u00e9cent (coll. \u00c9tudes Thasiennes XXI)\u00a0 \u00a0<strong>\u00a085<\/strong><br \/>\nLucilla de Lachenal<strong>:<\/strong>\u00a0recensione a Ivan Rainini, Antiqua Spolia. Reimpieghi di epoca romana nell\u2019architettura sacra medievale del Maceratese\u00a0 \u00a0\u00a0<strong>89<\/strong><\/p>\n<p><em>Roma. Il Palazzo di Venezia e le sue collezioni di scultura<\/em>, 4 volumi<strong>:<\/strong><br \/>\nPatrizio Pensabene<strong>:<\/strong>\u00a0recensione a\u00a0<em>La storia del Palazzo di Venezia dalle collezioni Barbo e Grimani a sede dell\u2019ambasciata veneta e austriaca<\/em>, a cura di Maria Giulia Barberini, Matilde De Angelis d\u2019Ossat, Alessandra Schiavon, vol. I\u00a0\u00a0\u00a0\u00a0<strong>98<\/strong><br \/>\nFulvio Cervini<strong>:\u00a0<\/strong>\u00a0recensione a Grazia Maria Fachechi,\u00a0<em>Museo Nazionale del Palazzo di Venezia. Sculture in legno<\/em>, vol. II \u00a0\u00a0<strong>101<\/strong><br \/>\nDavide Banzato<strong>:<\/strong>\u00a0recensione a Pietro Cannata,\u00a0<em>Museo Nazionale del Palazzo di Venezia. Sculture in bronzo<\/em>, vol. III\u00a0\u00a0\u00a0\u00a0<strong>103<\/strong><br \/>\nElena Bianca Di Gioia<strong>:\u00a0<\/strong>recensione a Cristiano Giometti,\u00a0<em>Museo Nazionale del Palazzo di Venezia. Sculture in terracotta<\/em>, vol. IV \u00a0\u00a0<strong>105<\/strong><\/p>\n<p>&nbsp;<\/p>\n<p>Abstracts\u00a0<strong>109<\/strong><\/p>\n<p>&nbsp;<\/p>\n<p><em>Foto di copertina:\u00a0<\/em><em>Tivoli, Santuario di Ercole vincitore, Antiquarium<strong>\u00a0\u2013\u00a0<\/strong><\/em><em>Statuetta del giovane Ercole nudo, veduta di tre quarti <\/em><em>(foto Mondadori Portfolio\/Electa\/Zeno Colantoni per gentile concessione della Soprintendenza per i Beni Archeologici del Lazio)<\/em><\/p>\n","protected":false},"excerpt":{"rendered":"<p>Francesco Negri Arnoldi:\u00a0Per Michele D\u2019Elia\u00a0\u00a01 Serafina Giannetti:\u00a0Santuario di Ercole Vincitore a Tivoli.<\/p>\n","protected":false},"author":1,"featured_media":10539,"comment_status":"closed","ping_status":"open","sticky":false,"template":"","format":"standard","meta":{"footnotes":""},"categories":[2645,13,2431],"tags":[2651,2650,1206,1315,2652,2648,2646,2649,2290,2647],"class_list":["post-8615","post","type-post","status-publish","format-standard","has-post-thumbnail","hentry","category-2645","category-fascicoli","category-serie-vii","tag-banzato-davide","tag-cervini-fulvio","tag-de-lachenal-lucilla","tag-de-vico-fallani-massimo","tag-di-gioia-elena-bianca","tag-dossi-davide","tag-giannetti-serafina","tag-pensabene-patrizia","tag-pisani-marcella","tag-porfiri-roberta"],"featured_image_src":"https:\/\/bollettinodarte.cultura.gov.it\/wp-content\/uploads\/2023\/07\/Fasc.-13-600x400.jpg","featured_image_src_square":"https:\/\/bollettinodarte.cultura.gov.it\/wp-content\/uploads\/2023\/07\/Fasc.-13-600x600.jpg","author_info":{"display_name":"bollettinodarte","author_link":"https:\/\/bollettinodarte.cultura.gov.it\/?author=1"},"category_info":"<a href=\"https:\/\/bollettinodarte.cultura.gov.it\/?cat=2645\" rel=\"category\">2012<\/a>,<a href=\"https:\/\/bollettinodarte.cultura.gov.it\/?cat=13\" rel=\"category\">Fascicoli<\/a>,<a href=\"https:\/\/bollettinodarte.cultura.gov.it\/?cat=2431\" rel=\"category\">serie VII<\/a>","tags_info":"<a href=\"https:\/\/bollettinodarte.cultura.gov.it\/?tag=banzato-davide\" rel=\"tag\">Banzato Davide<\/a>, <a href=\"https:\/\/bollettinodarte.cultura.gov.it\/?tag=cervini-fulvio\" rel=\"tag\">Cervini Fulvio<\/a>, <a href=\"https:\/\/bollettinodarte.cultura.gov.it\/?tag=de-lachenal-lucilla\" rel=\"tag\">De Lachenal Lucilla<\/a>, <a href=\"https:\/\/bollettinodarte.cultura.gov.it\/?tag=de-vico-fallani-massimo\" rel=\"tag\">De Vico Fallani Massimo<\/a>, <a href=\"https:\/\/bollettinodarte.cultura.gov.it\/?tag=di-gioia-elena-bianca\" rel=\"tag\">Di Gioia Elena Bianca<\/a>, <a href=\"https:\/\/bollettinodarte.cultura.gov.it\/?tag=dossi-davide\" rel=\"tag\">Dossi Davide<\/a>, <a href=\"https:\/\/bollettinodarte.cultura.gov.it\/?tag=giannetti-serafina\" rel=\"tag\">Giannetti Serafina<\/a>, <a href=\"https:\/\/bollettinodarte.cultura.gov.it\/?tag=pensabene-patrizia\" rel=\"tag\">Pensabene Patrizia<\/a>, <a href=\"https:\/\/bollettinodarte.cultura.gov.it\/?tag=pisani-marcella\" rel=\"tag\">Pisani Marcella<\/a>, <a href=\"https:\/\/bollettinodarte.cultura.gov.it\/?tag=porfiri-roberta\" rel=\"tag\">Porfiri Roberta<\/a>","social_share_info":"<a data-share=\"facebook\" href=\"https:\/\/www.facebook.com\/sharer.php?u=https:\/\/bollettinodarte.cultura.gov.it\/?p=8615\" class=\"pl-facebook-share social-share-default pl-social-share\" target=\"_blank\"><i class=\"fab fa-facebook-f\" aria-hidden=\"true\"><\/i><\/a><a data-share=\"twitter\" href=\"https:\/\/twitter.com\/share?url=https:\/\/bollettinodarte.cultura.gov.it\/?p=8615\" class=\"pl-twiiter-share social-share-default pl-social-share\" target=\"_blank\"><i class=\"fab fa-twitter\" aria-hidden=\"true\"><\/i><\/a><a data-share=\"linkedin\" href=\"https:\/\/www.linkedin.com\/shareArticle?url=https:\/\/bollettinodarte.cultura.gov.it\/?p=8615\" class=\"pl-linkedin-share social-share-default pl-social-share\" target=\"_blank\"><i class=\"fab fa-linkedin-in\" aria-hidden=\"true\"><\/i><\/a>","wordExcerpt_info":"<p>Francesco Negri Arnoldi<strong>:<\/strong>\u00a0Per Michele D\u2019Elia\u00a0<strong>\u00a01<\/strong><\/p>\n<p><a title=\"Serafina Giannetti: Santuario di Ercole Vincitore a Tivoli. I. Le sculture di et\u00e0 repubblicana e i rapporti con i centri di produzione artistica greco\u2013insulare tra la fine del II e l\u2019inizio del I secolo a.C. (Estratto dal fasc. 13)\" href=\"http:\/\/bollettinodarte.cultura.gov.it\/?page_id=8623\">Serafina Giannetti:<\/a>\u00a0Santuario di Ercole Vincitore a Tivoli. I. Le sculture di et\u00e0 repubblicana e i rapporti con i centri di produzione artistica greco\u2013insulare tra la fine del II e l\u2019inizio del I secolo a.C.\u00a0\u00a0\u00a0<strong>3<\/strong><\/p>\n<p><a title=\"Roberta Porfiri: La Comet Art Gallery: l\u2019Italia e l\u2019America negli anni Trenta attraverso \u201cl\u2019impresa\u201d di Anna Laetitia Pecci Blunt a New York (Estratto dal fasc. 12)\" href=\"http:\/\/bollettinodarte.cultura.gov.it\/?page_id=8633\">Roberta Porfiri:<\/a>\u00a0The Comet Art Gallery: l\u2019Italia e l\u2019America negli anni Trenta attraverso \u201cl\u2019impresa\u201d di Anna Laetitia Pecci Blunt a New York\u00a0\u00a0<strong>33<\/strong><br \/>\n<strong><br \/>\n<\/strong>TUTELA DEL VERDE:<br \/>\n<a title=\"Massimo De Vico Fallani: La raffigurazione delle piante legnose nei progetti di manutenzione e restauro dei giardini e parchi d\u2019interesse storico\u2013artistico (Estratto dal fasc. 13)\" href=\"http:\/\/bollettinodarte.cultura.gov.it\/?page_id=8645\">Massimo de Vico Fallani:<\/a>\u00a0La raffigurazione delle piante legnose nei progetti di manutenzione e restauro dei giardini e parchi di interesse storico\u2013artistico\u00a0\u00a0<strong>59<\/strong><\/p>\n<p><strong>IN BREVE:<\/strong><br \/>\n<a title=\"Davide Dossi: Il &quot;Sileno&quot; di Francesco Pona: una fonte veronese per la datazione della \u2018pala Monterenzi\u2019 di Guido Reni (Estratto dal fasc. 13)\" href=\"http:\/\/bollettinodarte.cultura.gov.it\/?page_id=8654\">Davide Dossi:<\/a>\u00a0Il \u201cSileno\u201d di Francesco Pona: una fonte veronese per la datazione della \u201cpala Monterenzi\u201d di Guido Reni\u00a0\u00a0<strong>81<\/strong><\/p>\n<p>LIBRI:<br \/>\nMarcella Pisani:\u00a0recensione a St\u00e9phanie Huysecom\u2013Haxhi, Les figurines en terre cuite de l\u2019Art\u00e9mision de Thasos. Artisanat et pi\u00e9t\u00e9 populaire \u00e0 l\u2019\u00e9poque de l\u2019archa\u00efsme m\u00fbr et r\u00e9cent (coll. \u00c9tudes Thasiennes XXI)\u00a0 \u00a0<strong>\u00a085<\/strong><br \/>\nLucilla de Lachenal<strong>:<\/strong>\u00a0recensione a Ivan Rainini, Antiqua Spolia. Reimpieghi di epoca romana nell\u2019architettura sacra medievale del Maceratese\u00a0 \u00a0\u00a0<strong>89<\/strong><\/p>\n<p><em>Roma. Il Palazzo di Venezia e le sue collezioni di scultura<\/em>, 4 volumi<strong>:<\/strong><br \/>\nPatrizio Pensabene<strong>:<\/strong>\u00a0recensione a\u00a0<em>La storia del Palazzo di Venezia dalle collezioni Barbo e Grimani a sede dell\u2019ambasciata veneta e austriaca<\/em>, a cura di Maria Giulia Barberini, Matilde De Angelis d\u2019Ossat, Alessandra Schiavon, vol. I\u00a0\u00a0\u00a0\u00a0<strong>98<\/strong><br \/>\nFulvio Cervini<strong>:\u00a0<\/strong>\u00a0recensione a Grazia Maria Fachechi,\u00a0<em>Museo Nazionale del Palazzo di Venezia. Sculture in legno<\/em>, vol. II \u00a0\u00a0<strong>101<\/strong><br \/>\nDavide Banzato<strong>:<\/strong>\u00a0recensione a Pietro Cannata,\u00a0<em>Museo Nazionale del Palazzo di Venezia. Sculture in bronzo<\/em>, vol. III\u00a0\u00a0\u00a0\u00a0<strong>103<\/strong><br \/>\nElena Bianca Di Gioia<strong>:\u00a0<\/strong>recensione a Cristiano Giometti,\u00a0<em>Museo Nazionale del Palazzo di Venezia. Sculture in terracotta<\/em>, vol. IV \u00a0\u00a0<strong>105<\/strong><\/p>\n<p>&nbsp;<\/p>\n<p>Abstracts\u00a0<strong>109<\/strong><\/p>\n<p>&nbsp;<\/p>\n<p><em>Foto di copertina:\u00a0<\/em><em>Tivoli, Santuario di Ercole vincitore, Antiquarium<strong>\u00a0\u2013\u00a0<\/strong><\/em><em>Statuetta del giovane Ercole nudo, veduta di tre quarti <\/em><em>(foto Mondadori Portfolio\/Electa\/Zeno Colantoni per gentile concessione della Soprintendenza per i Beni Archeologici del Lazio)<\/em><\/p>\n","comment_info":"No Comments","_links":{"self":[{"href":"https:\/\/bollettinodarte.cultura.gov.it\/index.php?rest_route=\/wp\/v2\/posts\/8615","targetHints":{"allow":["GET"]}}],"collection":[{"href":"https:\/\/bollettinodarte.cultura.gov.it\/index.php?rest_route=\/wp\/v2\/posts"}],"about":[{"href":"https:\/\/bollettinodarte.cultura.gov.it\/index.php?rest_route=\/wp\/v2\/types\/post"}],"author":[{"embeddable":true,"href":"https:\/\/bollettinodarte.cultura.gov.it\/index.php?rest_route=\/wp\/v2\/users\/1"}],"replies":[{"embeddable":true,"href":"https:\/\/bollettinodarte.cultura.gov.it\/index.php?rest_route=%2Fwp%2Fv2%2Fcomments&post=8615"}],"version-history":[{"count":9,"href":"https:\/\/bollettinodarte.cultura.gov.it\/index.php?rest_route=\/wp\/v2\/posts\/8615\/revisions"}],"predecessor-version":[{"id":11845,"href":"https:\/\/bollettinodarte.cultura.gov.it\/index.php?rest_route=\/wp\/v2\/posts\/8615\/revisions\/11845"}],"wp:featuredmedia":[{"embeddable":true,"href":"https:\/\/bollettinodarte.cultura.gov.it\/index.php?rest_route=\/wp\/v2\/media\/10539"}],"wp:attachment":[{"href":"https:\/\/bollettinodarte.cultura.gov.it\/index.php?rest_route=%2Fwp%2Fv2%2Fmedia&parent=8615"}],"wp:term":[{"taxonomy":"category","embeddable":true,"href":"https:\/\/bollettinodarte.cultura.gov.it\/index.php?rest_route=%2Fwp%2Fv2%2Fcategories&post=8615"},{"taxonomy":"post_tag","embeddable":true,"href":"https:\/\/bollettinodarte.cultura.gov.it\/index.php?rest_route=%2Fwp%2Fv2%2Ftags&post=8615"}],"curies":[{"name":"wp","href":"https:\/\/api.w.org\/{rel}","templated":true}]}}